{"id":597,"count":13,"description":"[smartslider3 alias=\"promo-nd-sols-parquets2\"]\r\nD\u00e9couvrez notre collection de parquets bois, soigneusement s\u00e9lectionn\u00e9s pour r\u00e9pondre aux exigences des projets exigeants en am\u00e9nagement int\u00e9rieur. Que vous recherchiez une finition brute, huil\u00e9e ou vernie, nos parquets apportent du caract\u00e8re et de la chaleur \u00e0 tous les espaces de vie.","link":"https:\/\/nature-et-developpement.com\/hen\/produits\/parquet-et-sol-naturels\/parquets-bois\/","name":"Parquets bois","slug":"parquets-bois","taxonomy":"product_cat","parent":17,"meta":[],"menu_order":44,"yoast_head":"<!-- This site is optimized with the Yoast SEO plugin v27.5 - https:\/\/yoast.com\/product\/yoast-seo-wordpress\/ -->\n<title>Parquets bois - Habitat Ecologique Normand<\/title>\n<meta name=\"description\" content=\"D\u00e9couvrez notre collection de parquets bois, soigneusement s\u00e9lectionn\u00e9s pour r\u00e9pondre aux exigences des projets exigeants en am\u00e9nagement int\u00e9rieur. Que vous recherchiez une finition brute, huil\u00e9e ou vernie, nos parquets apportent du caract\u00e8re et de la chaleur \u00e0 tous les espaces de vie.\" \/>\n<meta name=\"robots\" content=\"noindex, follow\" \/>\n<meta property=\"og:locale\" content=\"fr_FR\" \/>\n<meta property=\"og:type\" content=\"article\" \/>\n<meta property=\"og:title\" content=\"Parquets bois - Habitat Ecologique Normand\" \/>\n<meta property=\"og:description\" content=\"D\u00e9couvrez notre collection de parquets bois, soigneusement s\u00e9lectionn\u00e9s pour r\u00e9pondre aux exigences des projets exigeants en am\u00e9nagement int\u00e9rieur. Que vous recherchiez une finition brute, huil\u00e9e ou vernie, nos parquets apportent du caract\u00e8re et de la chaleur \u00e0 tous les espaces de vie.\" \/>\n<meta property=\"og:url\" content=\"https:\/\/nature-et-developpement.com\/hen\/produits\/parquet-et-sol-naturels\/parquets-bois\/\" \/>\n<meta property=\"og:site_name\" content=\"Habitat Ecologique Normand\" \/>\n<meta name=\"twitter:card\" content=\"summary_large_image\" \/>\n<script type=\"application\/ld+json\" class=\"yoast-schema-graph\">{\"@context\":\"https:\\\/\\\/schema.org\",\"@graph\":[{\"@type\":\"CollectionPage\",\"@id\":\"https:\\\/\\\/nature-et-developpement.com\\\/hen\\\/produits\\\/parquet-et-sol-naturels\\\/parquets-bois\\\/\",\"url\":\"https:\\\/\\\/nature-et-developpement.com\\\/hen\\\/produits\\\/parquet-et-sol-naturels\\\/parquets-bois\\\/\",\"name\":\"Parquets bois - Habitat Ecologique Normand\",\"isPartOf\":{\"@id\":\"https:\\\/\\\/nature-et-developpement.com\\\/hen\\\/#website\"},\"description\":\"D\u00e9couvrez notre collection de parquets bois, soigneusement s\u00e9lectionn\u00e9s pour r\u00e9pondre aux exigences des projets exigeants en am\u00e9nagement int\u00e9rieur. Que vous recherchiez une finition brute, huil\u00e9e ou vernie, nos parquets apportent du caract\u00e8re et de la chaleur \u00e0 tous les espaces de vie.\",\"breadcrumb\":{\"@id\":\"https:\\\/\\\/nature-et-developpement.com\\\/hen\\\/produits\\\/parquet-et-sol-naturels\\\/parquets-bois\\\/#breadcrumb\"},\"inLanguage\":\"fr-FR\"},{\"@type\":\"BreadcrumbList\",\"@id\":\"https:\\\/\\\/nature-et-developpement.com\\\/hen\\\/produits\\\/parquet-et-sol-naturels\\\/parquets-bois\\\/#breadcrumb\",\"itemListElement\":[{\"@type\":\"ListItem\",\"position\":1,\"name\":\"Accueil\",\"item\":\"https:\\\/\\\/nature-et-developpement.com\\\/hen\\\/\"},{\"@type\":\"ListItem\",\"position\":2,\"name\":\"Parquets bois, stratifi\u00e9s et li\u00e8ge\",\"item\":\"https:\\\/\\\/nature-et-developpement.com\\\/hen\\\/produits\\\/parquet-et-sol-naturels\\\/\"},{\"@type\":\"ListItem\",\"position\":3,\"name\":\"Parquets bois\"}]},{\"@type\":\"WebSite\",\"@id\":\"https:\\\/\\\/nature-et-developpement.com\\\/hen\\\/#website\",\"url\":\"https:\\\/\\\/nature-et-developpement.com\\\/hen\\\/\",\"name\":\"Habitat Ecologique Normand\",\"description\":\"Habitat Ecologique Normand est membre du groupement Nature &amp; D\u00e9veloppement\",\"publisher\":{\"@id\":\"https:\\\/\\\/nature-et-developpement.com\\\/hen\\\/#organization\"},\"potentialAction\":[{\"@type\":\"SearchAction\",\"target\":{\"@type\":\"EntryPoint\",\"urlTemplate\":\"https:\\\/\\\/nature-et-developpement.com\\\/hen\\\/?s={search_term_string}\"},\"query-input\":{\"@type\":\"PropertyValueSpecification\",\"valueRequired\":true,\"valueName\":\"search_term_string\"}}],\"inLanguage\":\"fr-FR\"},{\"@type\":\"Organization\",\"@id\":\"https:\\\/\\\/nature-et-developpement.com\\\/hen\\\/#organization\",\"name\":\"Habitat Ecologique Normand\",\"url\":\"https:\\\/\\\/nature-et-developpement.com\\\/hen\\\/\",\"logo\":{\"@type\":\"ImageObject\",\"inLanguage\":\"fr-FR\",\"@id\":\"https:\\\/\\\/nature-et-developpement.com\\\/hen\\\/#\\\/schema\\\/logo\\\/image\\\/\",\"url\":\"https:\\\/\\\/nature-et-developpement.com\\\/hen\\\/wp-content\\\/uploads\\\/sites\\\/15\\\/2021\\\/08\\\/logo-habitat-ecologique-normand.jpg\",\"contentUrl\":\"https:\\\/\\\/nature-et-developpement.com\\\/hen\\\/wp-content\\\/uploads\\\/sites\\\/15\\\/2021\\\/08\\\/logo-habitat-ecologique-normand.jpg\",\"width\":960,\"height\":391,\"caption\":\"Habitat Ecologique Normand\"},\"image\":{\"@id\":\"https:\\\/\\\/nature-et-developpement.com\\\/hen\\\/#\\\/schema\\\/logo\\\/image\\\/\"},\"sameAs\":[\"https:\\\/\\\/fr-fr.facebook.com\\\/habitatecologique.normand.1\\\/\",\"https:\\\/\\\/www.instagram.com\\\/ecobatinormandie\\\/\",\"https:\\\/\\\/www.youtube.com\\\/c\\\/ecobati\"]}]}<\/script>\n<!-- \/ Yoast SEO plugin. -->","yoast_head_json":{"title":"Parquets bois - Habitat Ecologique Normand","description":"D\u00e9couvrez notre collection de parquets bois, soigneusement s\u00e9lectionn\u00e9s pour r\u00e9pondre aux exigences des projets exigeants en am\u00e9nagement int\u00e9rieur. Que vous recherchiez une finition brute, huil\u00e9e ou vernie, nos parquets apportent du caract\u00e8re et de la chaleur \u00e0 tous les espaces de vie.","robots":{"index":"noindex","follow":"follow"},"og_locale":"fr_FR","og_type":"article","og_title":"Parquets bois - Habitat Ecologique Normand","og_description":"D\u00e9couvrez notre collection de parquets bois, soigneusement s\u00e9lectionn\u00e9s pour r\u00e9pondre aux exigences des projets exigeants en am\u00e9nagement int\u00e9rieur. Que vous recherchiez une finition brute, huil\u00e9e ou vernie, nos parquets apportent du caract\u00e8re et de la chaleur \u00e0 tous les espaces de vie.","og_url":"https:\/\/nature-et-developpement.com\/hen\/produits\/parquet-et-sol-naturels\/parquets-bois\/","og_site_name":"Habitat Ecologique Normand","twitter_card":"summary_large_image","schema":{"@context":"https:\/\/schema.org","@graph":[{"@type":"CollectionPage","@id":"https:\/\/nature-et-developpement.com\/hen\/produits\/parquet-et-sol-naturels\/parquets-bois\/","url":"https:\/\/nature-et-developpement.com\/hen\/produits\/parquet-et-sol-naturels\/parquets-bois\/","name":"Parquets bois - Habitat Ecologique Normand","isPartOf":{"@id":"https:\/\/nature-et-developpement.com\/hen\/#website"},"description":"D\u00e9couvrez notre collection de parquets bois, soigneusement s\u00e9lectionn\u00e9s pour r\u00e9pondre aux exigences des projets exigeants en am\u00e9nagement int\u00e9rieur. Que vous recherchiez une finition brute, huil\u00e9e ou vernie, nos parquets apportent du caract\u00e8re et de la chaleur \u00e0 tous les espaces de vie.","breadcrumb":{"@id":"https:\/\/nature-et-developpement.com\/hen\/produits\/parquet-et-sol-naturels\/parquets-bois\/#breadcrumb"},"inLanguage":"fr-FR"},{"@type":"BreadcrumbList","@id":"https:\/\/nature-et-developpement.com\/hen\/produits\/parquet-et-sol-naturels\/parquets-bois\/#breadcrumb","itemListElement":[{"@type":"ListItem","position":1,"name":"Accueil","item":"https:\/\/nature-et-developpement.com\/hen\/"},{"@type":"ListItem","position":2,"name":"Parquets bois, stratifi\u00e9s et li\u00e8ge","item":"https:\/\/nature-et-developpement.com\/hen\/produits\/parquet-et-sol-naturels\/"},{"@type":"ListItem","position":3,"name":"Parquets bois"}]},{"@type":"WebSite","@id":"https:\/\/nature-et-developpement.com\/hen\/#website","url":"https:\/\/nature-et-developpement.com\/hen\/","name":"Habitat Ecologique Normand","description":"Habitat Ecologique Normand est membre du groupement Nature &amp; D\u00e9veloppement","publisher":{"@id":"https:\/\/nature-et-developpement.com\/hen\/#organization"},"potentialAction":[{"@type":"SearchAction","target":{"@type":"EntryPoint","urlTemplate":"https:\/\/nature-et-developpement.com\/hen\/?s={search_term_string}"},"query-input":{"@type":"PropertyValueSpecification","valueRequired":true,"valueName":"search_term_string"}}],"inLanguage":"fr-FR"},{"@type":"Organization","@id":"https:\/\/nature-et-developpement.com\/hen\/#organization","name":"Habitat Ecologique Normand","url":"https:\/\/nature-et-developpement.com\/hen\/","logo":{"@type":"ImageObject","inLanguage":"fr-FR","@id":"https:\/\/nature-et-developpement.com\/hen\/#\/schema\/logo\/image\/","url":"https:\/\/nature-et-developpement.com\/hen\/wp-content\/uploads\/sites\/15\/2021\/08\/logo-habitat-ecologique-normand.jpg","contentUrl":"https:\/\/nature-et-developpement.com\/hen\/wp-content\/uploads\/sites\/15\/2021\/08\/logo-habitat-ecologique-normand.jpg","width":960,"height":391,"caption":"Habitat Ecologique Normand"},"image":{"@id":"https:\/\/nature-et-developpement.com\/hen\/#\/schema\/logo\/image\/"},"sameAs":["https:\/\/fr-fr.facebook.com\/habitatecologique.normand.1\/","https:\/\/www.instagram.com\/ecobatinormandie\/","https:\/\/www.youtube.com\/c\/ecobati"]}]}},"_links":{"self":[{"href":"https:\/\/nature-et-developpement.com\/hen\/wp-json\/wp\/v2\/product_cat\/597","targetHints":{"allow":["GET"]}}],"collection":[{"href":"https:\/\/nature-et-developpement.com\/hen\/wp-json\/wp\/v2\/product_cat"}],"about":[{"href":"https:\/\/nature-et-developpement.com\/hen\/wp-json\/wp\/v2\/taxonomies\/product_cat"}],"up":[{"embeddable":true,"href":"https:\/\/nature-et-developpement.com\/hen\/wp-json\/wp\/v2\/product_cat\/17"}],"wp:post_type":[{"href":"https:\/\/nature-et-developpement.com\/hen\/wp-json\/wp\/v2\/product?product_cat=597"}],"curies":[{"name":"wp","href":"https:\/\/api.w.org\/{rel}","templated":true}]}}