{"id":597,"count":13,"description":"[smartslider3 alias=\"promo-nd-sols-parquets2\"]\r\nD\u00e9couvrez notre collection de parquets bois, soigneusement s\u00e9lectionn\u00e9s pour r\u00e9pondre aux exigences des projets exigeants en am\u00e9nagement int\u00e9rieur. Que vous recherchiez une finition brute, huil\u00e9e ou vernie, nos parquets apportent du caract\u00e8re et de la chaleur \u00e0 tous les espaces de vie.","link":"https:\/\/nature-et-developpement.com\/mndl\/produits\/parquet-et-sol-naturels\/parquets-bois\/","name":"Parquets bois","slug":"parquets-bois","taxonomy":"product_cat","parent":17,"meta":[],"menu_order":44,"yoast_head":"<!-- This site is optimized with the Yoast SEO plugin v27.5 - https:\/\/yoast.com\/product\/yoast-seo-wordpress\/ -->\n<title>Parquets bois - Mat\u00e9riaux Naturels de Lorraine<\/title>\n<meta name=\"description\" content=\"D\u00e9couvrez notre collection de parquets bois, soigneusement s\u00e9lectionn\u00e9s pour r\u00e9pondre aux exigences des projets exigeants en am\u00e9nagement int\u00e9rieur. Que vous recherchiez une finition brute, huil\u00e9e ou vernie, nos parquets apportent du caract\u00e8re et de la chaleur \u00e0 tous les espaces de vie.\" \/>\n<meta name=\"robots\" content=\"noindex, follow\" \/>\n<meta property=\"og:locale\" content=\"fr_FR\" \/>\n<meta property=\"og:type\" content=\"article\" \/>\n<meta property=\"og:title\" content=\"Parquets bois - Mat\u00e9riaux Naturels de Lorraine\" \/>\n<meta property=\"og:description\" content=\"D\u00e9couvrez notre collection de parquets bois, soigneusement s\u00e9lectionn\u00e9s pour r\u00e9pondre aux exigences des projets exigeants en am\u00e9nagement int\u00e9rieur. Que vous recherchiez une finition brute, huil\u00e9e ou vernie, nos parquets apportent du caract\u00e8re et de la chaleur \u00e0 tous les espaces de vie.\" \/>\n<meta property=\"og:url\" content=\"https:\/\/nature-et-developpement.com\/mndl\/produits\/parquet-et-sol-naturels\/parquets-bois\/\" \/>\n<meta property=\"og:site_name\" content=\"Mat\u00e9riaux Naturels de Lorraine\" \/>\n<meta name=\"twitter:card\" content=\"summary_large_image\" \/>\n<script type=\"application\/ld+json\" class=\"yoast-schema-graph\">{\"@context\":\"https:\\\/\\\/schema.org\",\"@graph\":[{\"@type\":\"CollectionPage\",\"@id\":\"https:\\\/\\\/nature-et-developpement.com\\\/mndl\\\/produits\\\/parquet-et-sol-naturels\\\/parquets-bois\\\/\",\"url\":\"https:\\\/\\\/nature-et-developpement.com\\\/mndl\\\/produits\\\/parquet-et-sol-naturels\\\/parquets-bois\\\/\",\"name\":\"Parquets bois - Mat\u00e9riaux Naturels de Lorraine\",\"isPartOf\":{\"@id\":\"https:\\\/\\\/nature-et-developpement.com\\\/mndl\\\/#website\"},\"description\":\"D\u00e9couvrez notre collection de parquets bois, soigneusement s\u00e9lectionn\u00e9s pour r\u00e9pondre aux exigences des projets exigeants en am\u00e9nagement int\u00e9rieur. Que vous recherchiez une finition brute, huil\u00e9e ou vernie, nos parquets apportent du caract\u00e8re et de la chaleur \u00e0 tous les espaces de vie.\",\"breadcrumb\":{\"@id\":\"https:\\\/\\\/nature-et-developpement.com\\\/mndl\\\/produits\\\/parquet-et-sol-naturels\\\/parquets-bois\\\/#breadcrumb\"},\"inLanguage\":\"fr-FR\"},{\"@type\":\"BreadcrumbList\",\"@id\":\"https:\\\/\\\/nature-et-developpement.com\\\/mndl\\\/produits\\\/parquet-et-sol-naturels\\\/parquets-bois\\\/#breadcrumb\",\"itemListElement\":[{\"@type\":\"ListItem\",\"position\":1,\"name\":\"Accueil\",\"item\":\"https:\\\/\\\/nature-et-developpement.com\\\/mndl\\\/\"},{\"@type\":\"ListItem\",\"position\":2,\"name\":\"Parquets bois, stratifi\u00e9s et li\u00e8ge\",\"item\":\"https:\\\/\\\/nature-et-developpement.com\\\/mndl\\\/produits\\\/parquet-et-sol-naturels\\\/\"},{\"@type\":\"ListItem\",\"position\":3,\"name\":\"Parquets bois\"}]},{\"@type\":\"WebSite\",\"@id\":\"https:\\\/\\\/nature-et-developpement.com\\\/mndl\\\/#website\",\"url\":\"https:\\\/\\\/nature-et-developpement.com\\\/mndl\\\/\",\"name\":\"Mat\u00e9riaux Naturels de Lorraine\",\"description\":\"Mat\u00e9riaux Naturels de Lorraine est membre du groupement Nature &amp; D\u00e9veloppement\",\"publisher\":{\"@id\":\"https:\\\/\\\/nature-et-developpement.com\\\/mndl\\\/#organization\"},\"potentialAction\":[{\"@type\":\"SearchAction\",\"target\":{\"@type\":\"EntryPoint\",\"urlTemplate\":\"https:\\\/\\\/nature-et-developpement.com\\\/mndl\\\/?s={search_term_string}\"},\"query-input\":{\"@type\":\"PropertyValueSpecification\",\"valueRequired\":true,\"valueName\":\"search_term_string\"}}],\"inLanguage\":\"fr-FR\"},{\"@type\":\"Organization\",\"@id\":\"https:\\\/\\\/nature-et-developpement.com\\\/mndl\\\/#organization\",\"name\":\"Mat\u00e9riaux Naturels de Lorraine\",\"url\":\"https:\\\/\\\/nature-et-developpement.com\\\/mndl\\\/\",\"logo\":{\"@type\":\"ImageObject\",\"inLanguage\":\"fr-FR\",\"@id\":\"https:\\\/\\\/nature-et-developpement.com\\\/mndl\\\/#\\\/schema\\\/logo\\\/image\\\/\",\"url\":\"https:\\\/\\\/nature-et-developpement.com\\\/mndl\\\/wp-content\\\/uploads\\\/sites\\\/7\\\/2021\\\/09\\\/logo-materiaux-naturels-de-lorraine.png\",\"contentUrl\":\"https:\\\/\\\/nature-et-developpement.com\\\/mndl\\\/wp-content\\\/uploads\\\/sites\\\/7\\\/2021\\\/09\\\/logo-materiaux-naturels-de-lorraine.png\",\"width\":1924,\"height\":1668,\"caption\":\"Mat\u00e9riaux Naturels de Lorraine\"},\"image\":{\"@id\":\"https:\\\/\\\/nature-et-developpement.com\\\/mndl\\\/#\\\/schema\\\/logo\\\/image\\\/\"}}]}<\/script>\n<!-- \/ Yoast SEO plugin. -->","yoast_head_json":{"title":"Parquets bois - Mat\u00e9riaux Naturels de Lorraine","description":"D\u00e9couvrez notre collection de parquets bois, soigneusement s\u00e9lectionn\u00e9s pour r\u00e9pondre aux exigences des projets exigeants en am\u00e9nagement int\u00e9rieur. Que vous recherchiez une finition brute, huil\u00e9e ou vernie, nos parquets apportent du caract\u00e8re et de la chaleur \u00e0 tous les espaces de vie.","robots":{"index":"noindex","follow":"follow"},"og_locale":"fr_FR","og_type":"article","og_title":"Parquets bois - Mat\u00e9riaux Naturels de Lorraine","og_description":"D\u00e9couvrez notre collection de parquets bois, soigneusement s\u00e9lectionn\u00e9s pour r\u00e9pondre aux exigences des projets exigeants en am\u00e9nagement int\u00e9rieur. Que vous recherchiez une finition brute, huil\u00e9e ou vernie, nos parquets apportent du caract\u00e8re et de la chaleur \u00e0 tous les espaces de vie.","og_url":"https:\/\/nature-et-developpement.com\/mndl\/produits\/parquet-et-sol-naturels\/parquets-bois\/","og_site_name":"Mat\u00e9riaux Naturels de Lorraine","twitter_card":"summary_large_image","schema":{"@context":"https:\/\/schema.org","@graph":[{"@type":"CollectionPage","@id":"https:\/\/nature-et-developpement.com\/mndl\/produits\/parquet-et-sol-naturels\/parquets-bois\/","url":"https:\/\/nature-et-developpement.com\/mndl\/produits\/parquet-et-sol-naturels\/parquets-bois\/","name":"Parquets bois - Mat\u00e9riaux Naturels de Lorraine","isPartOf":{"@id":"https:\/\/nature-et-developpement.com\/mndl\/#website"},"description":"D\u00e9couvrez notre collection de parquets bois, soigneusement s\u00e9lectionn\u00e9s pour r\u00e9pondre aux exigences des projets exigeants en am\u00e9nagement int\u00e9rieur. Que vous recherchiez une finition brute, huil\u00e9e ou vernie, nos parquets apportent du caract\u00e8re et de la chaleur \u00e0 tous les espaces de vie.","breadcrumb":{"@id":"https:\/\/nature-et-developpement.com\/mndl\/produits\/parquet-et-sol-naturels\/parquets-bois\/#breadcrumb"},"inLanguage":"fr-FR"},{"@type":"BreadcrumbList","@id":"https:\/\/nature-et-developpement.com\/mndl\/produits\/parquet-et-sol-naturels\/parquets-bois\/#breadcrumb","itemListElement":[{"@type":"ListItem","position":1,"name":"Accueil","item":"https:\/\/nature-et-developpement.com\/mndl\/"},{"@type":"ListItem","position":2,"name":"Parquets bois, stratifi\u00e9s et li\u00e8ge","item":"https:\/\/nature-et-developpement.com\/mndl\/produits\/parquet-et-sol-naturels\/"},{"@type":"ListItem","position":3,"name":"Parquets bois"}]},{"@type":"WebSite","@id":"https:\/\/nature-et-developpement.com\/mndl\/#website","url":"https:\/\/nature-et-developpement.com\/mndl\/","name":"Mat\u00e9riaux Naturels de Lorraine","description":"Mat\u00e9riaux Naturels de Lorraine est membre du groupement Nature &amp; D\u00e9veloppement","publisher":{"@id":"https:\/\/nature-et-developpement.com\/mndl\/#organization"},"potentialAction":[{"@type":"SearchAction","target":{"@type":"EntryPoint","urlTemplate":"https:\/\/nature-et-developpement.com\/mndl\/?s={search_term_string}"},"query-input":{"@type":"PropertyValueSpecification","valueRequired":true,"valueName":"search_term_string"}}],"inLanguage":"fr-FR"},{"@type":"Organization","@id":"https:\/\/nature-et-developpement.com\/mndl\/#organization","name":"Mat\u00e9riaux Naturels de Lorraine","url":"https:\/\/nature-et-developpement.com\/mndl\/","logo":{"@type":"ImageObject","inLanguage":"fr-FR","@id":"https:\/\/nature-et-developpement.com\/mndl\/#\/schema\/logo\/image\/","url":"https:\/\/nature-et-developpement.com\/mndl\/wp-content\/uploads\/sites\/7\/2021\/09\/logo-materiaux-naturels-de-lorraine.png","contentUrl":"https:\/\/nature-et-developpement.com\/mndl\/wp-content\/uploads\/sites\/7\/2021\/09\/logo-materiaux-naturels-de-lorraine.png","width":1924,"height":1668,"caption":"Mat\u00e9riaux Naturels de Lorraine"},"image":{"@id":"https:\/\/nature-et-developpement.com\/mndl\/#\/schema\/logo\/image\/"}}]}},"_links":{"self":[{"href":"https:\/\/nature-et-developpement.com\/mndl\/wp-json\/wp\/v2\/product_cat\/597","targetHints":{"allow":["GET"]}}],"collection":[{"href":"https:\/\/nature-et-developpement.com\/mndl\/wp-json\/wp\/v2\/product_cat"}],"about":[{"href":"https:\/\/nature-et-developpement.com\/mndl\/wp-json\/wp\/v2\/taxonomies\/product_cat"}],"up":[{"embeddable":true,"href":"https:\/\/nature-et-developpement.com\/mndl\/wp-json\/wp\/v2\/product_cat\/17"}],"wp:post_type":[{"href":"https:\/\/nature-et-developpement.com\/mndl\/wp-json\/wp\/v2\/product?product_cat=597"}],"curies":[{"name":"wp","href":"https:\/\/api.w.org\/{rel}","templated":true}]}}