{"id":99,"count":13,"description":"[smartslider3 alias=\"promo-nd-sols-parquets2\"]\r\nD\u00e9couvrez notre collection de parquets bois, soigneusement s\u00e9lectionn\u00e9s pour r\u00e9pondre aux exigences des projets exigeants en am\u00e9nagement int\u00e9rieur. Que vous recherchiez une finition brute, huil\u00e9e ou vernie, nos parquets apportent du caract\u00e8re et de la chaleur \u00e0 tous les espaces de vie.","link":"https:\/\/nature-et-developpement.com\/ned-perpignan\/produits\/parquet-et-sol-naturels\/parquets-bois\/","name":"Parquets bois","slug":"parquets-bois","taxonomy":"product_cat","parent":98,"meta":[],"menu_order":44,"yoast_head":"<!-- This site is optimized with the Yoast SEO plugin v27.5 - https:\/\/yoast.com\/product\/yoast-seo-wordpress\/ -->\n<title>Parquets bois - Nature et D\u00e9veloppement Perpignan<\/title>\n<meta name=\"robots\" content=\"noindex, follow\" \/>\n<meta property=\"og:locale\" content=\"fr_FR\" \/>\n<meta property=\"og:type\" content=\"article\" \/>\n<meta property=\"og:title\" content=\"Parquets bois - Nature et D\u00e9veloppement Perpignan\" \/>\n<meta property=\"og:description\" content=\"D\u00e9couvrez notre collection de parquets bois, soigneusement s\u00e9lectionn\u00e9s pour r\u00e9pondre aux exigences des projets exigeants en am\u00e9nagement int\u00e9rieur. Que vous recherchiez une finition brute, huil\u00e9e ou vernie, nos parquets apportent du caract\u00e8re et de la chaleur \u00e0 tous les espaces de vie.\" \/>\n<meta property=\"og:url\" content=\"https:\/\/nature-et-developpement.com\/ned-perpignan\/produits\/parquet-et-sol-naturels\/parquets-bois\/\" \/>\n<meta property=\"og:site_name\" content=\"Nature et D\u00e9veloppement Perpignan\" \/>\n<meta name=\"twitter:card\" content=\"summary_large_image\" \/>\n<script type=\"application\/ld+json\" class=\"yoast-schema-graph\">{\"@context\":\"https:\\\/\\\/schema.org\",\"@graph\":[{\"@type\":\"CollectionPage\",\"@id\":\"https:\\\/\\\/nature-et-developpement.com\\\/ned-perpignan\\\/produits\\\/parquet-et-sol-naturels\\\/parquets-bois\\\/\",\"url\":\"https:\\\/\\\/nature-et-developpement.com\\\/ned-perpignan\\\/produits\\\/parquet-et-sol-naturels\\\/parquets-bois\\\/\",\"name\":\"Parquets bois - Nature et D\u00e9veloppement Perpignan\",\"isPartOf\":{\"@id\":\"https:\\\/\\\/nature-et-developpement.com\\\/ned-perpignan\\\/#website\"},\"breadcrumb\":{\"@id\":\"https:\\\/\\\/nature-et-developpement.com\\\/ned-perpignan\\\/produits\\\/parquet-et-sol-naturels\\\/parquets-bois\\\/#breadcrumb\"},\"inLanguage\":\"fr-FR\"},{\"@type\":\"BreadcrumbList\",\"@id\":\"https:\\\/\\\/nature-et-developpement.com\\\/ned-perpignan\\\/produits\\\/parquet-et-sol-naturels\\\/parquets-bois\\\/#breadcrumb\",\"itemListElement\":[{\"@type\":\"ListItem\",\"position\":1,\"name\":\"Accueil\",\"item\":\"https:\\\/\\\/nature-et-developpement.com\\\/ned-perpignan\\\/\"},{\"@type\":\"ListItem\",\"position\":2,\"name\":\"Parquets bois, stratifi\u00e9s et li\u00e8ge\",\"item\":\"https:\\\/\\\/nature-et-developpement.com\\\/ned-perpignan\\\/produits\\\/parquet-et-sol-naturels\\\/\"},{\"@type\":\"ListItem\",\"position\":3,\"name\":\"Parquets bois\"}]},{\"@type\":\"WebSite\",\"@id\":\"https:\\\/\\\/nature-et-developpement.com\\\/ned-perpignan\\\/#website\",\"url\":\"https:\\\/\\\/nature-et-developpement.com\\\/ned-perpignan\\\/\",\"name\":\"Nature et D\u00e9veloppement Perpignan\",\"description\":\"Solutions, mat\u00e9riaux et d\u00e9coration \u00e9co-responsables pour les pros et les particuliers.\",\"potentialAction\":[{\"@type\":\"SearchAction\",\"target\":{\"@type\":\"EntryPoint\",\"urlTemplate\":\"https:\\\/\\\/nature-et-developpement.com\\\/ned-perpignan\\\/?s={search_term_string}\"},\"query-input\":{\"@type\":\"PropertyValueSpecification\",\"valueRequired\":true,\"valueName\":\"search_term_string\"}}],\"inLanguage\":\"fr-FR\"}]}<\/script>\n<!-- \/ Yoast SEO plugin. -->","yoast_head_json":{"title":"Parquets bois - Nature et D\u00e9veloppement Perpignan","robots":{"index":"noindex","follow":"follow"},"og_locale":"fr_FR","og_type":"article","og_title":"Parquets bois - Nature et D\u00e9veloppement Perpignan","og_description":"D\u00e9couvrez notre collection de parquets bois, soigneusement s\u00e9lectionn\u00e9s pour r\u00e9pondre aux exigences des projets exigeants en am\u00e9nagement int\u00e9rieur. Que vous recherchiez une finition brute, huil\u00e9e ou vernie, nos parquets apportent du caract\u00e8re et de la chaleur \u00e0 tous les espaces de vie.","og_url":"https:\/\/nature-et-developpement.com\/ned-perpignan\/produits\/parquet-et-sol-naturels\/parquets-bois\/","og_site_name":"Nature et D\u00e9veloppement Perpignan","twitter_card":"summary_large_image","schema":{"@context":"https:\/\/schema.org","@graph":[{"@type":"CollectionPage","@id":"https:\/\/nature-et-developpement.com\/ned-perpignan\/produits\/parquet-et-sol-naturels\/parquets-bois\/","url":"https:\/\/nature-et-developpement.com\/ned-perpignan\/produits\/parquet-et-sol-naturels\/parquets-bois\/","name":"Parquets bois - Nature et D\u00e9veloppement Perpignan","isPartOf":{"@id":"https:\/\/nature-et-developpement.com\/ned-perpignan\/#website"},"breadcrumb":{"@id":"https:\/\/nature-et-developpement.com\/ned-perpignan\/produits\/parquet-et-sol-naturels\/parquets-bois\/#breadcrumb"},"inLanguage":"fr-FR"},{"@type":"BreadcrumbList","@id":"https:\/\/nature-et-developpement.com\/ned-perpignan\/produits\/parquet-et-sol-naturels\/parquets-bois\/#breadcrumb","itemListElement":[{"@type":"ListItem","position":1,"name":"Accueil","item":"https:\/\/nature-et-developpement.com\/ned-perpignan\/"},{"@type":"ListItem","position":2,"name":"Parquets bois, stratifi\u00e9s et li\u00e8ge","item":"https:\/\/nature-et-developpement.com\/ned-perpignan\/produits\/parquet-et-sol-naturels\/"},{"@type":"ListItem","position":3,"name":"Parquets bois"}]},{"@type":"WebSite","@id":"https:\/\/nature-et-developpement.com\/ned-perpignan\/#website","url":"https:\/\/nature-et-developpement.com\/ned-perpignan\/","name":"Nature et D\u00e9veloppement Perpignan","description":"Solutions, mat\u00e9riaux et d\u00e9coration \u00e9co-responsables pour les pros et les particuliers.","potentialAction":[{"@type":"SearchAction","target":{"@type":"EntryPoint","urlTemplate":"https:\/\/nature-et-developpement.com\/ned-perpignan\/?s={search_term_string}"},"query-input":{"@type":"PropertyValueSpecification","valueRequired":true,"valueName":"search_term_string"}}],"inLanguage":"fr-FR"}]}},"_links":{"self":[{"href":"https:\/\/nature-et-developpement.com\/ned-perpignan\/wp-json\/wp\/v2\/product_cat\/99","targetHints":{"allow":["GET"]}}],"collection":[{"href":"https:\/\/nature-et-developpement.com\/ned-perpignan\/wp-json\/wp\/v2\/product_cat"}],"about":[{"href":"https:\/\/nature-et-developpement.com\/ned-perpignan\/wp-json\/wp\/v2\/taxonomies\/product_cat"}],"up":[{"embeddable":true,"href":"https:\/\/nature-et-developpement.com\/ned-perpignan\/wp-json\/wp\/v2\/product_cat\/98"}],"wp:post_type":[{"href":"https:\/\/nature-et-developpement.com\/ned-perpignan\/wp-json\/wp\/v2\/product?product_cat=99"}],"curies":[{"name":"wp","href":"https:\/\/api.w.org\/{rel}","templated":true}]}}